{"id":55,"date":"2023-06-27T10:50:07","date_gmt":"2023-06-27T10:50:07","guid":{"rendered":"https:\/\/domixkluki.pl\/?p=55"},"modified":"2023-06-27T10:50:07","modified_gmt":"2023-06-27T10:50:07","slug":"meble-na-wymiar-dostosowane-do-twoich-potrzeb","status":"publish","type":"post","link":"https:\/\/domixkluki.pl\/index.php\/2023\/meble-na-wymiar-dostosowane-do-twoich-potrzeb\/","title":{"rendered":"Meble na wymiar &#8211; Dostosowane do Twoich potrzeb"},"content":{"rendered":"\n<p>W dzisiejszych czasach coraz wi\u0119ksz\u0105 popularno\u015b\u0107 zyskuj\u0105 meble na wymiar. Stanowi\u0105 one doskona\u0142e rozwi\u0105zanie dla os\u00f3b poszukuj\u0105cych unikalnego i perfekcyjnie dopasowanego wyposa\u017cenia do swojego domu, biura lub przestrzeni komercyjnej. Dzi\u0119ki mo\u017cliwo\u015bciom personalizacji, meble na wymiar daj\u0105 nieograniczone mo\u017cliwo\u015bci aran\u017cacyjne i pozwalaj\u0105 stworzy\u0107 funkcjonalne oraz estetyczne wn\u0119trza.<\/p>\n\n\n\n<h2 class=\"wp-block-heading\">1. Indywidualny charakter<\/h2>\n\n\n\n<p>Meble na wymiar to idealne rozwi\u0105zanie dla os\u00f3b, kt\u00f3re ceni\u0105 sobie oryginalno\u015b\u0107 i chc\u0105 stworzy\u0107 wn\u0119trze odzwierciedlaj\u0105ce ich w\u0142asny styl i preferencje. Dzi\u0119ki mo\u017cliwo\u015bciom personalizacji, ka\u017cdy detal mebla mo\u017ce by\u0107 dostosowany do indywidualnych potrzeb klienta. Mo\u017cemy wybra\u0107 nie tylko wymiary, ale tak\u017ce materia\u0142, kolor, wz\u00f3r, wyko\u0144czenie czy dodatkowe funkcje. Dzi\u0119ki temu meble na wymiar stanowi\u0105 doskona\u0142e dope\u0142nienie aran\u017cacji wn\u0119trza, tworz\u0105c sp\u00f3jn\u0105 i harmonijn\u0105 przestrze\u0144.<\/p>\n\n\n\n<h2 class=\"wp-block-heading\">2. Optymalne wykorzystanie przestrzeni<\/h2>\n\n\n\n<p>Meble na wymiar s\u0105 r\u00f3wnie\u017c idealnym rozwi\u0105zaniem dla pomieszcze\u0144 o nietypowych kszta\u0142tach lub niewielkich metra\u017cach. Dzi\u0119ki precyzyjnemu dopasowaniu do dost\u0119pnej przestrzeni, mo\u017cna optymalnie wykorzysta\u0107 ka\u017cdy centymetr, eliminuj\u0105c puste przestrzenie i tworz\u0105c praktyczne schowki lub funkcjonalne wn\u0119ki. Niezale\u017cnie od tego, czy aran\u017cujemy ma\u0142\u0105 kuchni\u0119, \u0142azienk\u0119, garderob\u0119 czy biuro, meble na wymiar pozwalaj\u0105 nam maksymalnie wykorzysta\u0107 dost\u0119pne miejsce, tworz\u0105c jednocze\u015bnie estetyczne i ergonomiczne rozwi\u0105zania.<\/p>\n\n\n\n<h2 class=\"wp-block-heading\">3. Doskona\u0142a jako\u015b\u0107 i trwa\u0142o\u015b\u0107<\/h2>\n\n\n\n<p>Meble na wymiar charakteryzuj\u0105 si\u0119 wysok\u0105 jako\u015bci\u0105 wykonania. S\u0105 tworzone przez do\u015bwiadczonych stolarzy i specjalist\u00f3w, kt\u00f3rzy dbaj\u0105 o najmniejsze detale i staranno\u015b\u0107 wykonania. Wykorzystywane materia\u0142y s\u0105 solidne i trwa\u0142e, gwarantuj\u0105c d\u0142ugotrwa\u0142e u\u017cytkowanie mebli. Ponadto, dost\u0119pno\u015b\u0107 r\u00f3\u017cnych opcji wyko\u0144czenia oraz mo\u017cliwo\u015b\u0107 wyboru wysokiej jako\u015bci akcesori\u00f3w, takich jak prowadnice czy zawiasy, zapewniaj\u0105, \u017ce meble na wymiar s\u0105 nie tylko pi\u0119kne, ale tak\u017ce funkcjonalne i wytrzyma\u0142e.<\/p>\n\n\n\n<h2 class=\"wp-block-heading\">4. Inwestycja na lata<\/h2>\n\n\n\n<p>Meble na wymiar stanowi\u0105 inwestycj\u0119 na d\u0142ugie l ata. Dzi\u0119ki swojej trwa\u0142o\u015bci i doskona\u0142ej jako\u015bci wykonania, b\u0119d\u0105 nam s\u0142u\u017cy\u0107 przez wiele lat bez potrzeby wymiany czy remontu. Ponadto, meble na wymiar s\u0105 czasami \u0142atwiejsze do utrzymania w czysto\u015bci ni\u017c standardowe meble, co dodatkowo wp\u0142ywa na ich d\u0142ugotrwa\u0142e u\u017cytkowanie. Wybieraj\u0105c meble na wymiar, inwestujemy w wyj\u0105tkowy produkt, kt\u00f3ry b\u0119dzie doskonale s\u0142u\u017cy\u0142 nam przez wiele lat, a jednocze\u015bnie b\u0119dzie doskonale wpisywa\u0142 si\u0119 w nasz\u0105 wizj\u0119 idealnego wn\u0119trza.<\/p>\n\n\n\n<p>Podsumowuj\u0105c, meble na wymiar to doskona\u0142e rozwi\u0105zanie dla os\u00f3b poszukuj\u0105cych indywidualnego i funkcjonalnego wyposa\u017cenia wn\u0119trz. Daj\u0105 one mo\u017cliwo\u015b\u0107 stworzenia unikalnego wn\u0119trza, kt\u00f3re idealnie odpowiada naszym potrzebom i preferencjom. Dzi\u0119ki nim mo\u017cemy optymalnie wykorzysta\u0107 dost\u0119pn\u0105 przestrze\u0144, ciesz\u0105c si\u0119 zar\u00f3wno estetyk\u0105, jak i praktyczno\u015bci\u0105 naszych mebli. Warto zainwestowa\u0107 w meble na wymiar, kt\u00f3re zapewni\u0105 nam nie tylko komfort, ale tak\u017ce satysfakcj\u0119 z pi\u0119kna i funkcjonalno\u015bci naszego wn\u0119trza.<\/p>\n","protected":false},"excerpt":{"rendered":"<p>W dzisiejszych czasach coraz wi\u0119ksz\u0105 popularno\u015b\u0107 zyskuj\u0105 meble na wymiar. Stanowi\u0105 one doskona\u0142e rozwi\u0105zanie dla [&hellip;]<\/p>\n","protected":false},"author":1,"featured_media":56,"comment_status":"open","ping_status":"open","sticky":false,"template":"","format":"standard","meta":[],"categories":[4],"tags":[],"_links":{"self":[{"href":"https:\/\/domixkluki.pl\/index.php\/wp-json\/wp\/v2\/posts\/55"}],"collection":[{"href":"https:\/\/domixkluki.pl\/index.php\/wp-json\/wp\/v2\/posts"}],"about":[{"href":"https:\/\/domixkluki.pl\/index.php\/wp-json\/wp\/v2\/types\/post"}],"author":[{"embeddable":true,"href":"https:\/\/domixkluki.pl\/index.php\/wp-json\/wp\/v2\/users\/1"}],"replies":[{"embeddable":true,"href":"https:\/\/domixkluki.pl\/index.php\/wp-json\/wp\/v2\/comments?post=55"}],"version-history":[{"count":1,"href":"https:\/\/domixkluki.pl\/index.php\/wp-json\/wp\/v2\/posts\/55\/revisions"}],"predecessor-version":[{"id":57,"href":"https:\/\/domixkluki.pl\/index.php\/wp-json\/wp\/v2\/posts\/55\/revisions\/57"}],"wp:featuredmedia":[{"embeddable":true,"href":"https:\/\/domixkluki.pl\/index.php\/wp-json\/wp\/v2\/media\/56"}],"wp:attachment":[{"href":"https:\/\/domixkluki.pl\/index.php\/wp-json\/wp\/v2\/media?parent=55"}],"wp:term":[{"taxonomy":"category","embeddable":true,"href":"https:\/\/domixkluki.pl\/index.php\/wp-json\/wp\/v2\/categories?post=55"},{"taxonomy":"post_tag","embeddable":true,"href":"https:\/\/domixkluki.pl\/index.php\/wp-json\/wp\/v2\/tags?post=55"}],"curies":[{"name":"wp","href":"https:\/\/api.w.org\/{rel}","templated":true}]}}